{"id":1220,"date":"2022-08-24T15:15:41","date_gmt":"2022-08-24T13:15:41","guid":{"rendered":"https:\/\/content.wlk.eu\/no\/?p=1220"},"modified":"2023-12-18T08:57:43","modified_gmt":"2023-12-18T07:57:43","slug":"wlk-at-jyvaskyla-sahko-valo-tele-av-7-9-september-2022","status":"publish","type":"post","link":"https:\/\/content.wlk.eu\/no\/wlk-at-jyvaskyla-sahko-valo-tele-av-7-9-september-2022\/","title":{"rendered":"WLK at JYV\u00c4SKYL\u00c4\u00a0S\u00c4HK\u00d6 VALO TELE AV 7-9\u00a0SEPTEMBER\u00a02022"},"content":{"rendered":"\n<h2 class=\"wp-block-heading\">WLK at JYV\u00c4SKYL\u00c4&nbsp;S\u00c4HK\u00d6 VALO TELE AV 7-9&nbsp;SEPTEMBER&nbsp;2022<\/h2>\n\n\n\n<p>On September 7-9 we will be at the S\u00e4hk\u00f6 Valo Tele AV 2022 fair in Paviljonki.<br>There we will show our new products for <a href=\"https:\/\/www.wlk.eu\/no\/Startside\/Styring\/SIDEREA_Styring_utend%c3%b8rs\">outdoor lighting SIDEREA<\/a> and <a href=\"https:\/\/www.wlk.eu\/no\/Startside\/Styring\/sceneCOM\">control systems like sceneCOM evo<\/a> and  <a href=\"https:\/\/www.wlk.eu\/no\/Startside\/Styring\/basicDIM_Wireless\">Casambi compatible basicDIM Wireless<\/a>.\u00a0We will also show our\u00a0<a href=\"https:\/\/www.wlk.eu\/no\/Startside\/Tilbeh%c3%b8r\">LED line portfolio from Welight<\/a> consisting of <a href=\"https:\/\/www.wlk.eu\/no\/Startside\/LED-lyskilder\/LEDtape\">LEDtape<\/a>, <a href=\"https:\/\/www.wlk.eu\/no\/Startside\/Tilbeh%c3%b8r\/Aluminiumsprofiler\">profiles<\/a> and <a href=\"https:\/\/www.wlk.eu\/no\/Startside\/Tilbeh%c3%b8r\/LEDtape_Tilbeh%c3%b8r\">accessories<\/a>. As well as the <a href=\"https:\/\/www.wlk.eu\/no\/Startside\/Elektromateriell\/Info_Bticino\">aesthetic and minimalist wiring devices Living Now from Bticino<\/a>, a combination of design and smart technology. <\/p>\n\n\n\n<p>Jyv\u00e4skyl\u00e4 S\u00e4hk\u00f6 Valo Tele Av fair is the largest electricity trade fair in the Nordic countries.<\/p>\n\n\n\n<p>We hope to see you there!<br>You can find us in Stand B239.<\/p>\n\n\n\n<h3 class=\"wp-block-heading\">More information about our stand<\/h3>\n\n\n\n<p><a href=\"http:\/\/pages.upsales.com\/10967u2e869235b35c42aa9d5a61c1062f0cb4\" data-type=\"URL\" data-id=\"http:\/\/pages.upsales.com\/10967u2e869235b35c42aa9d5a61c1062f0cb4\" target=\"_blank\" rel=\"noreferrer noopener\">Here you can read more about the fair and what we will be showing<\/a>.<\/p>\n\n\n\n<h2 class=\"wp-block-heading\">Pressreleases<\/h2>\n\n\n\n<div data-wp-interactive=\"core\/file\" class=\"wp-block-file\"><a href=\"https:\/\/content.wlk.eu\/en\/wp-content\/uploads\/sites\/2\/2022\/08\/SIDEREA_groupCONTROL_Tridonic_2022-08-23_EN.pdf\">SIDEREA_groupCONTROL_Tridonic_2022-08-23_EN  <\/a><a href=\"https:\/\/content.wlk.eu\/en\/wp-content\/uploads\/sites\/2\/2022\/08\/SIDEREA_groupCONTROL_Tridonic_2022-08-23_EN.pdf\" class=\"wp-block-file__button\" download>Ladda ner<\/a><\/div>\n\n\n\n<div data-wp-interactive=\"core\/file\" class=\"wp-block-file\"><a href=\"https:\/\/content.wlk.eu\/en\/wp-content\/uploads\/sites\/2\/2022\/08\/bdW-Outdoor-module-wireless-solutions_Tridonic_2022-08-23_EN.pdf\">bdW-Outdoor-module-wireless-solutions_Tridonic_2022-08-23_EN  <\/a><a href=\"https:\/\/content.wlk.eu\/en\/wp-content\/uploads\/sites\/2\/2022\/08\/bdW-Outdoor-module-wireless-solutions_Tridonic_2022-08-23_EN.pdf\" class=\"wp-block-file__button\" download>Ladda ner<\/a><\/div>\n\n\n\n<figure class=\"wp-block-image size-full is-resized is-style-default\"><img loading=\"lazy\" decoding=\"async\" src=\"https:\/\/content.wlk.eu\/en\/wp-content\/uploads\/sites\/2\/2022\/08\/Kuvat_Kutsujrjestelmn_600x250px_ENG202.jpg\" alt=\"\" class=\"wp-image-1373\" width=\"800\" height=\"333\" \/><\/figure>\n","protected":false},"excerpt":{"rendered":"<p>WLK at JYV\u00c4SKYL\u00c4&nbsp;S\u00c4HK\u00d6 VALO TELE AV 7-9&nbsp;SEPTEMBER&nbsp;2022 On September 7-9 we will be at the S\u00e4hk\u00f6 Valo Tele AV 2022 fair in Paviljonki.There we will show our new products for outdoor lighting SIDEREA and control systems like sceneCOM evo and Casambi compatible basicDIM Wireless.\u00a0We will also show our\u00a0LED line portfolio from Welight consisting of LEDtape, [&hellip;]<\/p>\n","protected":false},"author":3,"featured_media":0,"comment_status":"closed","ping_status":"open","sticky":false,"template":"","format":"standard","meta":{"_acf_changed":false,"footnotes":""},"categories":[1],"tags":[],"class_list":["post-1220","post","type-post","status-publish","format-standard","hentry","category-nyheter"],"acf":[],"yoast_head":"<!-- This site is optimized with the Yoast SEO plugin v25.3.1 - https:\/\/yoast.com\/wordpress\/plugins\/seo\/ -->\n<title>WLK at JYV\u00c4SKYL\u00c4\u00a0S\u00c4HK\u00d6 VALO TELE AV 7-9\u00a0SEPTEMBER\u00a02022 - Wennerstr\u00f6m Ljuskontroll<\/title>\n<meta name=\"robots\" content=\"index, follow, max-snippet:-1, max-image-preview:large, max-video-preview:-1\" \/>\n<link rel=\"canonical\" href=\"https:\/\/content.wlk.eu\/no\/wlk-at-jyvaskyla-sahko-valo-tele-av-7-9-september-2022\/\" \/>\n<meta property=\"og:locale\" content=\"nn_NO\" \/>\n<meta property=\"og:type\" content=\"article\" \/>\n<meta property=\"og:title\" content=\"WLK at JYV\u00c4SKYL\u00c4\u00a0S\u00c4HK\u00d6 VALO TELE AV 7-9\u00a0SEPTEMBER\u00a02022 - Wennerstr\u00f6m Ljuskontroll\" \/>\n<meta property=\"og:description\" content=\"WLK at JYV\u00c4SKYL\u00c4&nbsp;S\u00c4HK\u00d6 VALO TELE AV 7-9&nbsp;SEPTEMBER&nbsp;2022 On September 7-9 we will be at the S\u00e4hk\u00f6 Valo Tele AV 2022 fair in Paviljonki.There we will show our new products for outdoor lighting SIDEREA and control systems like sceneCOM evo and Casambi compatible basicDIM Wireless.\u00a0We will also show our\u00a0LED line portfolio from Welight consisting of LEDtape, [&hellip;]\" \/>\n<meta property=\"og:url\" content=\"https:\/\/content.wlk.eu\/no\/wlk-at-jyvaskyla-sahko-valo-tele-av-7-9-september-2022\/\" \/>\n<meta property=\"og:site_name\" content=\"Wennerstr\u00f6m Ljuskontroll\" \/>\n<meta property=\"article:published_time\" content=\"2022-08-24T13:15:41+00:00\" \/>\n<meta property=\"article:modified_time\" content=\"2023-12-18T07:57:43+00:00\" \/>\n<meta name=\"author\" content=\"karinakerstrom\" \/>\n<meta name=\"twitter:card\" content=\"summary_large_image\" \/>\n<meta name=\"twitter:label1\" content=\"Written by\" \/>\n\t<meta name=\"twitter:data1\" content=\"karinakerstrom\" \/>\n\t<meta name=\"twitter:label2\" content=\"Est. reading time\" \/>\n\t<meta name=\"twitter:data2\" content=\"1 minutt\" \/>\n<script type=\"application\/ld+json\" class=\"yoast-schema-graph\">{\"@context\":\"https:\/\/schema.org\",\"@graph\":[{\"@type\":\"WebPage\",\"@id\":\"https:\/\/content.wlk.eu\/no\/wlk-at-jyvaskyla-sahko-valo-tele-av-7-9-september-2022\/\",\"url\":\"https:\/\/content.wlk.eu\/no\/wlk-at-jyvaskyla-sahko-valo-tele-av-7-9-september-2022\/\",\"name\":\"WLK at JYV\u00c4SKYL\u00c4\u00a0S\u00c4HK\u00d6 VALO TELE AV 7-9\u00a0SEPTEMBER\u00a02022 - Wennerstr\u00f6m Ljuskontroll\",\"isPartOf\":{\"@id\":\"https:\/\/content.wlk.eu\/no\/#website\"},\"primaryImageOfPage\":{\"@id\":\"https:\/\/content.wlk.eu\/no\/wlk-at-jyvaskyla-sahko-valo-tele-av-7-9-september-2022\/#primaryimage\"},\"image\":{\"@id\":\"https:\/\/content.wlk.eu\/no\/wlk-at-jyvaskyla-sahko-valo-tele-av-7-9-september-2022\/#primaryimage\"},\"thumbnailUrl\":\"https:\/\/content.wlk.eu\/en\/wp-content\/uploads\/sites\/2\/2022\/08\/Kuvat_Kutsujrjestelmn_600x250px_ENG202.jpg\",\"datePublished\":\"2022-08-24T13:15:41+00:00\",\"dateModified\":\"2023-12-18T07:57:43+00:00\",\"author\":{\"@id\":\"https:\/\/content.wlk.eu\/no\/#\/schema\/person\/b30173802cb3c91bf7b994a30f2b6997\"},\"breadcrumb\":{\"@id\":\"https:\/\/content.wlk.eu\/no\/wlk-at-jyvaskyla-sahko-valo-tele-av-7-9-september-2022\/#breadcrumb\"},\"inLanguage\":\"nn-NO\",\"potentialAction\":[{\"@type\":\"ReadAction\",\"target\":[\"https:\/\/content.wlk.eu\/no\/wlk-at-jyvaskyla-sahko-valo-tele-av-7-9-september-2022\/\"]}]},{\"@type\":\"ImageObject\",\"inLanguage\":\"nn-NO\",\"@id\":\"https:\/\/content.wlk.eu\/no\/wlk-at-jyvaskyla-sahko-valo-tele-av-7-9-september-2022\/#primaryimage\",\"url\":\"https:\/\/content.wlk.eu\/en\/wp-content\/uploads\/sites\/2\/2022\/08\/Kuvat_Kutsujrjestelmn_600x250px_ENG202.jpg\",\"contentUrl\":\"https:\/\/content.wlk.eu\/en\/wp-content\/uploads\/sites\/2\/2022\/08\/Kuvat_Kutsujrjestelmn_600x250px_ENG202.jpg\"},{\"@type\":\"BreadcrumbList\",\"@id\":\"https:\/\/content.wlk.eu\/no\/wlk-at-jyvaskyla-sahko-valo-tele-av-7-9-september-2022\/#breadcrumb\",\"itemListElement\":[{\"@type\":\"ListItem\",\"position\":1,\"name\":\"Hem\",\"item\":\"https:\/\/content.wlk.eu\/no\/\"},{\"@type\":\"ListItem\",\"position\":2,\"name\":\"WLK at JYV\u00c4SKYL\u00c4\u00a0S\u00c4HK\u00d6 VALO TELE AV 7-9\u00a0SEPTEMBER\u00a02022\"}]},{\"@type\":\"WebSite\",\"@id\":\"https:\/\/content.wlk.eu\/no\/#website\",\"url\":\"https:\/\/content.wlk.eu\/no\/\",\"name\":\"Wennerstr\u00f6m Ljuskontroll\",\"description\":\"\",\"potentialAction\":[{\"@type\":\"SearchAction\",\"target\":{\"@type\":\"EntryPoint\",\"urlTemplate\":\"https:\/\/content.wlk.eu\/no\/?s={search_term_string}\"},\"query-input\":{\"@type\":\"PropertyValueSpecification\",\"valueRequired\":true,\"valueName\":\"search_term_string\"}}],\"inLanguage\":\"nn-NO\"},{\"@type\":\"Person\",\"@id\":\"https:\/\/content.wlk.eu\/no\/#\/schema\/person\/b30173802cb3c91bf7b994a30f2b6997\",\"name\":\"karinakerstrom\",\"image\":{\"@type\":\"ImageObject\",\"inLanguage\":\"nn-NO\",\"@id\":\"https:\/\/content.wlk.eu\/no\/#\/schema\/person\/image\/\",\"url\":\"https:\/\/secure.gravatar.com\/avatar\/7d497c45414235fc253e8330101d43858b173f85e0e3b5abf2b6229464a2f398?s=96&d=mm&r=g\",\"contentUrl\":\"https:\/\/secure.gravatar.com\/avatar\/7d497c45414235fc253e8330101d43858b173f85e0e3b5abf2b6229464a2f398?s=96&d=mm&r=g\",\"caption\":\"karinakerstrom\"},\"url\":\"https:\/\/content.wlk.eu\/no\/author\/karinakerstrom\/\"}]}<\/script>\n<!-- \/ Yoast SEO plugin. -->","yoast_head_json":{"title":"WLK at JYV\u00c4SKYL\u00c4\u00a0S\u00c4HK\u00d6 VALO TELE AV 7-9\u00a0SEPTEMBER\u00a02022 - Wennerstr\u00f6m Ljuskontroll","robots":{"index":"index","follow":"follow","max-snippet":"max-snippet:-1","max-image-preview":"max-image-preview:large","max-video-preview":"max-video-preview:-1"},"canonical":"https:\/\/content.wlk.eu\/no\/wlk-at-jyvaskyla-sahko-valo-tele-av-7-9-september-2022\/","og_locale":"nn_NO","og_type":"article","og_title":"WLK at JYV\u00c4SKYL\u00c4\u00a0S\u00c4HK\u00d6 VALO TELE AV 7-9\u00a0SEPTEMBER\u00a02022 - Wennerstr\u00f6m Ljuskontroll","og_description":"WLK at JYV\u00c4SKYL\u00c4&nbsp;S\u00c4HK\u00d6 VALO TELE AV 7-9&nbsp;SEPTEMBER&nbsp;2022 On September 7-9 we will be at the S\u00e4hk\u00f6 Valo Tele AV 2022 fair in Paviljonki.There we will show our new products for outdoor lighting SIDEREA and control systems like sceneCOM evo and Casambi compatible basicDIM Wireless.\u00a0We will also show our\u00a0LED line portfolio from Welight consisting of LEDtape, [&hellip;]","og_url":"https:\/\/content.wlk.eu\/no\/wlk-at-jyvaskyla-sahko-valo-tele-av-7-9-september-2022\/","og_site_name":"Wennerstr\u00f6m Ljuskontroll","article_published_time":"2022-08-24T13:15:41+00:00","article_modified_time":"2023-12-18T07:57:43+00:00","author":"karinakerstrom","twitter_card":"summary_large_image","twitter_misc":{"Written by":"karinakerstrom","Est. reading time":"1 minutt"},"schema":{"@context":"https:\/\/schema.org","@graph":[{"@type":"WebPage","@id":"https:\/\/content.wlk.eu\/no\/wlk-at-jyvaskyla-sahko-valo-tele-av-7-9-september-2022\/","url":"https:\/\/content.wlk.eu\/no\/wlk-at-jyvaskyla-sahko-valo-tele-av-7-9-september-2022\/","name":"WLK at JYV\u00c4SKYL\u00c4\u00a0S\u00c4HK\u00d6 VALO TELE AV 7-9\u00a0SEPTEMBER\u00a02022 - Wennerstr\u00f6m Ljuskontroll","isPartOf":{"@id":"https:\/\/content.wlk.eu\/no\/#website"},"primaryImageOfPage":{"@id":"https:\/\/content.wlk.eu\/no\/wlk-at-jyvaskyla-sahko-valo-tele-av-7-9-september-2022\/#primaryimage"},"image":{"@id":"https:\/\/content.wlk.eu\/no\/wlk-at-jyvaskyla-sahko-valo-tele-av-7-9-september-2022\/#primaryimage"},"thumbnailUrl":"https:\/\/content.wlk.eu\/en\/wp-content\/uploads\/sites\/2\/2022\/08\/Kuvat_Kutsujrjestelmn_600x250px_ENG202.jpg","datePublished":"2022-08-24T13:15:41+00:00","dateModified":"2023-12-18T07:57:43+00:00","author":{"@id":"https:\/\/content.wlk.eu\/no\/#\/schema\/person\/b30173802cb3c91bf7b994a30f2b6997"},"breadcrumb":{"@id":"https:\/\/content.wlk.eu\/no\/wlk-at-jyvaskyla-sahko-valo-tele-av-7-9-september-2022\/#breadcrumb"},"inLanguage":"nn-NO","potentialAction":[{"@type":"ReadAction","target":["https:\/\/content.wlk.eu\/no\/wlk-at-jyvaskyla-sahko-valo-tele-av-7-9-september-2022\/"]}]},{"@type":"ImageObject","inLanguage":"nn-NO","@id":"https:\/\/content.wlk.eu\/no\/wlk-at-jyvaskyla-sahko-valo-tele-av-7-9-september-2022\/#primaryimage","url":"https:\/\/content.wlk.eu\/en\/wp-content\/uploads\/sites\/2\/2022\/08\/Kuvat_Kutsujrjestelmn_600x250px_ENG202.jpg","contentUrl":"https:\/\/content.wlk.eu\/en\/wp-content\/uploads\/sites\/2\/2022\/08\/Kuvat_Kutsujrjestelmn_600x250px_ENG202.jpg"},{"@type":"BreadcrumbList","@id":"https:\/\/content.wlk.eu\/no\/wlk-at-jyvaskyla-sahko-valo-tele-av-7-9-september-2022\/#breadcrumb","itemListElement":[{"@type":"ListItem","position":1,"name":"Hem","item":"https:\/\/content.wlk.eu\/no\/"},{"@type":"ListItem","position":2,"name":"WLK at JYV\u00c4SKYL\u00c4\u00a0S\u00c4HK\u00d6 VALO TELE AV 7-9\u00a0SEPTEMBER\u00a02022"}]},{"@type":"WebSite","@id":"https:\/\/content.wlk.eu\/no\/#website","url":"https:\/\/content.wlk.eu\/no\/","name":"Wennerstr\u00f6m Ljuskontroll","description":"","potentialAction":[{"@type":"SearchAction","target":{"@type":"EntryPoint","urlTemplate":"https:\/\/content.wlk.eu\/no\/?s={search_term_string}"},"query-input":{"@type":"PropertyValueSpecification","valueRequired":true,"valueName":"search_term_string"}}],"inLanguage":"nn-NO"},{"@type":"Person","@id":"https:\/\/content.wlk.eu\/no\/#\/schema\/person\/b30173802cb3c91bf7b994a30f2b6997","name":"karinakerstrom","image":{"@type":"ImageObject","inLanguage":"nn-NO","@id":"https:\/\/content.wlk.eu\/no\/#\/schema\/person\/image\/","url":"https:\/\/secure.gravatar.com\/avatar\/7d497c45414235fc253e8330101d43858b173f85e0e3b5abf2b6229464a2f398?s=96&d=mm&r=g","contentUrl":"https:\/\/secure.gravatar.com\/avatar\/7d497c45414235fc253e8330101d43858b173f85e0e3b5abf2b6229464a2f398?s=96&d=mm&r=g","caption":"karinakerstrom"},"url":"https:\/\/content.wlk.eu\/no\/author\/karinakerstrom\/"}]}},"_links":{"self":[{"href":"https:\/\/content.wlk.eu\/no\/wp-json\/wp\/v2\/posts\/1220","targetHints":{"allow":["GET"]}}],"collection":[{"href":"https:\/\/content.wlk.eu\/no\/wp-json\/wp\/v2\/posts"}],"about":[{"href":"https:\/\/content.wlk.eu\/no\/wp-json\/wp\/v2\/types\/post"}],"author":[{"embeddable":true,"href":"https:\/\/content.wlk.eu\/no\/wp-json\/wp\/v2\/users\/3"}],"replies":[{"embeddable":true,"href":"https:\/\/content.wlk.eu\/no\/wp-json\/wp\/v2\/comments?post=1220"}],"version-history":[{"count":6,"href":"https:\/\/content.wlk.eu\/no\/wp-json\/wp\/v2\/posts\/1220\/revisions"}],"predecessor-version":[{"id":1341,"href":"https:\/\/content.wlk.eu\/no\/wp-json\/wp\/v2\/posts\/1220\/revisions\/1341"}],"wp:attachment":[{"href":"https:\/\/content.wlk.eu\/no\/wp-json\/wp\/v2\/media?parent=1220"}],"wp:term":[{"taxonomy":"category","embeddable":true,"href":"https:\/\/content.wlk.eu\/no\/wp-json\/wp\/v2\/categories?post=1220"},{"taxonomy":"post_tag","embeddable":true,"href":"https:\/\/content.wlk.eu\/no\/wp-json\/wp\/v2\/tags?post=1220"}],"curies":[{"name":"wp","href":"https:\/\/api.w.org\/{rel}","templated":true}]}}